{"id":6653,"date":"2025-10-14T13:42:22","date_gmt":"2025-10-14T11:42:22","guid":{"rendered":"https:\/\/hermix.com\/?p=6653"},"modified":"2025-10-14T13:42:22","modified_gmt":"2025-10-14T11:42:22","slug":"lagence-francaise-pour-leducation-attribue-un-contrat-de-formation-de-93-millions-deuros-dans-le-secteur-de-la-sante-et-du-travail-social-a-mayotte","status":"publish","type":"post","link":"https:\/\/hermix.com\/fr\/french-education-agency-awards-e93m-healthcare-and-social-work-training-contract-in-mayotte\/","title":{"rendered":"L&#039;Agence fran\u00e7aise pour l&#039;\u00e9ducation attribue un contrat de formation de 93 millions d&#039;euros dans le secteur de la sant\u00e9 et du travail social \u00e0 Mayotte."},"content":{"rendered":"<p class=\"wp-block-paragraph\">L&#039;EPA LAREFORM PRO DE MAYOTTE a lanc\u00e9 un appel d&#039;offres ouvert pour des services de formation professionnelle dans les secteurs de la sant\u00e9 et du social, d&#039;une valeur de 92,98 millions d&#039;euros sur 48 mois. Ce march\u00e9, financ\u00e9 par l&#039;UE, concerne 12 programmes de formation, allant des soins infirmiers de pratique avanc\u00e9e \u00e0 la formation en travail social, dans toute la r\u00e9gion de Mayotte.<\/p>\n\n\n\n<h2 class=\"wp-block-heading\"><strong>R\u00e9sum\u00e9 ex\u00e9cutif<\/strong><\/h2>\n\n\n\n<p class=\"wp-block-paragraph\">L&#039;EPA LAREFORM PRO DE MAYOTTE, autorit\u00e9 publique charg\u00e9e de l&#039;\u00e9ducation, recherche des organismes de formation pour ses programmes de formation professionnelle dans les secteurs de la sant\u00e9 et du travail social, r\u00e9partis en 12 lots distincts. Le contrat, d&#039;un montant de 92\u00a0983\u00a0000,00\u00a0\u20ac sur 48 mois, est financ\u00e9 par l&#039;UE. La date limite de d\u00e9p\u00f4t des candidatures \u00e9tait le 26 septembre 2025 et l&#039;ouverture des plis a eu lieu le 29 septembre 2025. Cette proc\u00e9dure de march\u00e9 ouverte exige des candidatures en fran\u00e7ais et utilise des crit\u00e8res d&#039;\u00e9valuation combinant prix et qualit\u00e9. Le lot le plus important, d&#039;un montant de 5,04 millions d&#039;euros, concerne la formation menant au Dipl\u00f4me d&#039;\u00c9tat d&#039;infirmier (DEI). Les lots de moindre importance portent sur des m\u00e9tiers sp\u00e9cialis\u00e9s, notamment les infirmiers en pratique avanc\u00e9e, les infirmiers de bloc op\u00e9ratoire, les infirmiers p\u00e9diatriques, les auxiliaires de pu\u00e9riculture, les assistants sociaux et divers postes d&#039;enseignants. Les organismes de formation ayant une exp\u00e9rience des syst\u00e8mes de formation en sant\u00e9 fran\u00e7ais, des programmes de formation en travail social et des interventions dans les territoires fran\u00e7ais d&#039;outre-mer sont invit\u00e9s \u00e0 privil\u00e9gier cette opportunit\u00e9. L&#039;importance du contrat et sa dur\u00e9e de 48 mois t\u00e9moignent d&#039;un engagement \u00e0 long terme en faveur du d\u00e9veloppement des comp\u00e9tences des professionnels de sant\u00e9 et du travail social \u00e0 Mayotte.<\/p>\n\n\n\n\n\n\n<h2 class=\"wp-block-heading\"><strong>Aper\u00e7u de l&#039;appel d&#039;offres<\/strong><\/h2>\n\n\n\n<h3 class=\"wp-block-heading\"><strong>Informations de base<\/strong><\/h3>\n\n\n\n<p class=\"wp-block-paragraph\">Identifiant du document\u00a0: 00527612-2025\u00a0\u00a0\u00a0Date de publication\u00a0: 12 ao\u00fbt 2025\u00a0\u00a0\u00a0Date limite\u00a0: 26 septembre 2025\u00a0\u00a0\u00a0Date d\u2019ouverture des soumissions\u00a0: 29 septembre 2025\u00a0\u00a0\u00a0Statut\u00a0: Cl\u00f4tur\u00e9\u00a0\u00a0\u00a0Source\u00a0: TED<\/p>\n\n\n\n<h3 class=\"wp-block-heading\"><strong>R\u00e9sum\u00e9 financier<\/strong><\/h3>\n\n\n\n<p class=\"wp-block-paragraph\">Valeur totale estim\u00e9e\u00a0: 92\u00a0983\u00a0000,00\u00a0\u20ac Dur\u00e9e du contrat\u00a0: 48\u00a0mois Financement de l\u2019UE\u00a0: Oui<\/p>\n\n\n\n<p class=\"wp-block-paragraph\">Le march\u00e9 public comprend 12 lots couvrant diff\u00e9rents programmes de formation professionnelle dans les domaines de la sant\u00e9 et du travail social.<\/p>\n\n\n\n<h3 class=\"wp-block-heading\"><strong>Ventilation du budget<\/strong><\/h3>\n\n\n\n<p class=\"wp-block-paragraph\">Lot 1 \u2013 Infirmier(\u00e8re) en pratique avanc\u00e9e (IPA) : 190\u00a0000,00 \u20ac Lot 2 \u2013 Infirmier(\u00e8re) de bloc op\u00e9ratoire (IBODE) : 190\u00a0000,00 \u20ac Lot 3 \u2013 Infirmier(\u00e8re) en p\u00e9diatrie (DE pu\u00e9riculture) : 754\u00a0800,00 \u20ac Lot 4 \u2013 Dipl\u00f4me d\u2019\u00c9tat d\u2019infirmier(\u00e8re) (IDE) : 5\u00a0040\u00a0000,00 \u20ac Lot 5 \u2013 Auxiliaire de pu\u00e9riculture (AP) : 515\u00a0220,00 \u20ac Lot 6 \u2013 Assistant(e) social(e) (ASS) : 590\u00a0860,00 \u20ac Lot 7 \u2013 \u00c9ducateur(trice) sp\u00e9cialis\u00e9(e) (ES) : 485\u00a0660,00 \u20ac Lot 8 \u2013 \u00c9ducateur(trice) de la petite enfance (EJE) : 423\u00a0300,00 \u20ac Lot 9 \u2013 Moniteur(trice) \u00e9ducatif(ve) (ME) : 362\u00a0920,00 \u20ac Lot 10 \u2013 Technicien(ne) en intervention sociale et familiale (TISF) : 307\u00a0400,00 \u20ac Lot 11 \u2013 Travailleur(euse) social(e) et \u00e9ducatif(ve) (AES) : Lot 12 \u2013 Conseiller en \u00e9conomie sociale et familiale (CESF) : 158\u00a0760,00 \u20ac<\/p>\n\n\n\n<p class=\"wp-block-paragraph\">Toutes les formations se d\u00e9roulent \u00e0 Mayotte. Les descriptions des lots cat\u00e9gorisent les programmes comme \u00e9tant soit \u201c Formation sanitaire \u201d, \u201c Formation sociale \u201d ou \u201c Formation professionnelle \u201d.<\/p>\n\n\n\n<h2 class=\"wp-block-heading\"><strong>Analyse du profil de l&#039;acheteur<\/strong><\/h2>\n\n\n\n<h3 class=\"wp-block-heading\"><strong>Pr\u00e9sentation de l&#039;organisation<\/strong><\/h3>\n\n\n\n<p class=\"wp-block-paragraph\">Nom officiel : EPA LAREFORM PRO DE MAYOTTE Adresse \u00e9lectronique : lareformpromayotte@cg976.fr T\u00e9l\u00e9phone : 0269665670 Site web : https:\/\/epa-lareform-promayotte.e-marchespublics.com<\/p>\n\n\n\n<p class=\"wp-block-paragraph\">Type d&#039;acqu\u00e9reur\u00a0: Organisme de droit public Activit\u00e9 principale\u00a0: \u00c9ducation Pays\u00a0: France Lieu du projet\u00a0: Mayotte<\/p>\n\n\n\n<h3 class=\"wp-block-heading\"><strong>Contexte organisationnel<\/strong><\/h3>\n\n\n\n<p class=\"wp-block-paragraph\">EPA LAREFORM PRO DE MAYOTTE fonctionne comme un \u00e9tablissement d&#039;enseignement public r\u00e9gi par le droit public et dont l&#039;activit\u00e9 principale est l&#039;\u00e9ducation.<\/p>\n\n\n\n<h3 class=\"wp-block-heading\"><strong>Historique des achats<\/strong><\/h3>\n\n\n\n<p class=\"wp-block-paragraph\">Les donn\u00e9es d&#039;approvisionnement de l&#039;acheteur montrent\u00a0:<\/p>\n\n\n\n<p class=\"wp-block-paragraph\">Laur\u00e9ats des contrats pr\u00e9c\u00e9dents (Top 10)\u00a0:<\/p>\n\n\n\n<ul class=\"wp-block-list\">\n<li>OIDF\u00a0: 533\u00a0000\u00a0\u20ac r\u00e9partis sur 7\u00a0contrats, soit une moyenne de 267\u00a0000\u00a0\u20ac par contrat<\/li>\n\n\n\n<li>Lyc\u00e9e agricole de Mayotte, \u00e9tablissement public national\u00a0: 400\u00a0000\u00a0\u20ac r\u00e9partis sur 5 contrats, soit une moyenne de 400\u00a0000\u00a0\u20ac par contrat.<\/li>\n\n\n\n<li>ESCGM ECOLE SUPERIEUR DU COMMERCE ET DE GESTION DE MAYOTTE : 400 K\u20ac r\u00e9partis sur 4 contrats, en moyenne 400 K\u20ac par contrat<\/li>\n\n\n\n<li>SMFP\u00a0: 100\u00a0000\u00a0\u20ac r\u00e9partis sur 4 contrats, soit une moyenne de 100\u00a0000\u00a0\u20ac par contrat.<\/li>\n\n\n\n<li>FORMATIONS ATOUTS : 10\u00a0000 \u20ac r\u00e9partis sur 4 contrats, soit une moyenne de 10\u00a0000 \u20ac par contrat<\/li>\n\n\n\n<li>TAMA YA MAECHA MSOMO NA HAZI : 400 K\u20ac sur 2 contrats, en moyenne 400 K\u20ac par contrat<\/li>\n\n\n\n<li>GRETA CFA DE MAYOTTE\u00a0: 400\u00a0000\u00a0\u20ac r\u00e9partis sur 2 contrats, soit une moyenne de 400\u00a0000\u00a0\u20ac par contrat<\/li>\n\n\n\n<li>MIFAC\u00a0: 400\u00a0000\u00a0\u20ac r\u00e9partis sur 2\u00a0contrats, soit une moyenne de 400\u00a0000\u00a0\u20ac par contrat.<\/li>\n\n\n\n<li>ACE\u00a0: 133\u00a0000\u00a0\u20ac r\u00e9partis sur 2\u00a0contrats, soit une moyenne de 133\u00a0000\u00a0\u20ac par contrat<\/li>\n\n\n\n<li>CREA PEPITES\u00a0: 400\u00a0000\u00a0\u20ac pour un seul contrat, soit une moyenne de 400\u00a0000\u00a0\u20ac par contrat.<\/li>\n<\/ul>\n\n\n\n<p class=\"wp-block-paragraph\">Tous les pr\u00e9c\u00e9dents prestataires sont fran\u00e7ais : 7,5 millions d&#039;euros r\u00e9partis sur 47 contrats, soit une moyenne de 299 000 euros par contrat.<\/p>\n\n\n\n<p class=\"wp-block-paragraph\">Activit\u00e9 totale d&#039;approvisionnement :<\/p>\n\n\n\n<ul class=\"wp-block-list\">\n<li>50 contrats attribu\u00e9s pour un montant total de 7,5 millions d&#039;euros<\/li>\n\n\n\n<li>50 contrats similaires d&#039;une valeur de 7,5 millions d&#039;euros ont \u00e9t\u00e9 attribu\u00e9s.<\/li>\n\n\n\n<li>4 renouvellements similaires d&#039;une valeur de 158 millions d&#039;euros<\/li>\n\n\n\n<li>4 renouvellements au total, d&#039;une valeur de 158 millions d&#039;euros.<\/li>\n<\/ul>\n\n\n\n<p class=\"wp-block-paragraph\">Les donn\u00e9es du march\u00e9 indiquent la pr\u00e9sence de 2\u00a0900 autres acheteurs ayant des projets similaires d\u2019une valeur de 16 milliards d\u2019euros.<\/p>\n\n\n\n<h3 class=\"wp-block-heading\"><strong>Indicateurs de relations de travail<\/strong><\/h3>\n\n\n\n<p class=\"wp-block-paragraph\">La proc\u00e9dure d&#039;approvisionnement est ouverte, permettant \u00e0 tous les fournisseurs qualifi\u00e9s de soumettre des offres sans condition de pr\u00e9s\u00e9lection.<\/p>\n\n\n\n<p class=\"wp-block-paragraph\">Les crit\u00e8res d&#039;\u00e9valuation combinent prix et qualit\u00e9, avec des pond\u00e9rations sp\u00e9cifiques variant selon les lots\u00a0:<\/p>\n\n\n\n<ul class=\"wp-block-list\">\n<li>Lots 1, 3, 5, 8, 9, 10\u00a0: Qualit\u00e9 et prix<\/li>\n\n\n\n<li>Lots 2, 4, 6, 7, 11, 12\u00a0: Prix uniquement<\/li>\n<\/ul>\n\n\n\n<p class=\"wp-block-paragraph\">Les exigences linguistiques pr\u00e9cisent que les soumissions doivent \u00eatre faites exclusivement en fran\u00e7ais.<\/p>\n\n\n\n<p class=\"wp-block-paragraph\">La dur\u00e9e du contrat de 48 mois garantit des modalit\u00e9s de formation stables et \u00e0 long terme.<\/p>\n\n\n\n<h2 class=\"wp-block-heading\"><strong>Analyse de la port\u00e9e et des exigences<\/strong><\/h2>\n\n\n\n<h3 class=\"wp-block-heading\"><strong>Cat\u00e9gories de services<\/strong><\/h3>\n\n\n\n<p class=\"wp-block-paragraph\">Le march\u00e9 public couvre trois grandes cat\u00e9gories de formation\u00a0:<\/p>\n\n\n\n<p class=\"wp-block-paragraph\">Formation sanitaire :<\/p>\n\n\n\n<ul class=\"wp-block-list\">\n<li>Lot 1 : Infirmi\u00e8re praticienne sp\u00e9cialis\u00e9e (IPA)<\/li>\n\n\n\n<li>Lot 3 : Infirmi\u00e8re p\u00e9diatrique (DE pu\u00e9riculture)<\/li>\n\n\n\n<li>Lot 4 : Dipl\u00f4me d&#039;\u00c9tat d&#039;infirmier(\u00e8re) (IDE)<\/li>\n<\/ul>\n\n\n\n<p class=\"wp-block-paragraph\">Formation professionnelle\u00a0:<\/p>\n\n\n\n<ul class=\"wp-block-list\">\n<li>Lot 2 : Infirmi\u00e8re de salle d&#039;op\u00e9ration (IBODE)<\/li>\n\n\n\n<li>Lot 5 : Assistant de garde d&#039;enfants (AP)<\/li>\n\n\n\n<li>Lot 12 : Conseiller en \u00e9conomie sociale et familiale (CESF)<\/li>\n<\/ul>\n\n\n\n<p class=\"wp-block-paragraph\">Formation sociale :<\/p>\n\n\n\n<ul class=\"wp-block-list\">\n<li>Lot 6 : Assistant de service social (ASS)<\/li>\n\n\n\n<li>Lot 7 : Enseignant sp\u00e9cialis\u00e9 (ES)<\/li>\n\n\n\n<li>Lot 8 : \u00c9ducateur de la petite enfance (EJE)<\/li>\n\n\n\n<li>Lot 9 : Moniteur-\u00e9ducateur (ME)<\/li>\n\n\n\n<li>Lot 11 : Travailleur social et \u00e9ducatif (AES)<\/li>\n<\/ul>\n\n\n\n<p class=\"wp-block-paragraph\">Cat\u00e9gorie mixte :<\/p>\n\n\n\n<ul class=\"wp-block-list\">\n<li>Lot 10 : Technicien en intervention sociale et familiale (TISF) \u2013 d\u00e9crit comme \u201c FORMATION PROFESSIONNELLE \u201d<\/li>\n<\/ul>\n\n\n\n<h3 class=\"wp-block-heading\"><strong>Exigences techniques<\/strong><\/h3>\n\n\n\n<p class=\"wp-block-paragraph\">Le dossier d&#039;appel d&#039;offres ne fournit pas de sp\u00e9cifications d\u00e9taill\u00e9es concernant le programme d&#039;\u00e9tudes, les capacit\u00e9s d&#039;accueil des \u00e9tudiants ni les crit\u00e8res de qualification sp\u00e9cifiques, au-del\u00e0 des intitul\u00e9s et cat\u00e9gories des lots. Ces informations figurent dans le dossier d&#039;appel d&#039;offres complet, disponible sur la plateforme d&#039;approvisionnement.<\/p>\n\n\n\n<h3 class=\"wp-block-heading\"><strong>Couverture g\u00e9ographique<\/strong><\/h3>\n\n\n\n<p class=\"wp-block-paragraph\">Tous les programmes de formation se d\u00e9roulent \u00e0 Mayotte. Les lieux de formation, les installations et les infrastructures n\u00e9cessaires sont d\u00e9taill\u00e9s dans le dossier d&#039;appel d&#039;offres complet.<\/p>\n\n\n\n<h2 class=\"wp-block-heading\"><strong>\u00c9valuation des opportunit\u00e9s de march\u00e9<\/strong><\/h2>\n\n\n\n<h3 class=\"wp-block-heading\"><strong>Entreprises cibles<\/strong><\/h3>\n\n\n\n<p class=\"wp-block-paragraph\">Cette proc\u00e9dure d&#039;acquisition vise\u00a0:<\/p>\n\n\n\n<p class=\"wp-block-paragraph\">Prestataires de formation en soins de sant\u00e9\u00a0: organisations ayant l\u2019exp\u00e9rience de la mise en \u0153uvre de programmes de formation en soins infirmiers, y compris les sp\u00e9cialisations en soins infirmiers de pratique avanc\u00e9e, en soins infirmiers de salle d\u2019op\u00e9ration et en soins infirmiers p\u00e9diatriques.<\/p>\n\n\n\n<p class=\"wp-block-paragraph\">Organismes de formation en travail social\u00a0: \u00e9tablissements capables de dispenser une formation en travail social dans de multiples sp\u00e9cialisations, notamment l\u2019aide sociale, l\u2019\u00e9ducation sp\u00e9cialis\u00e9e, l\u2019\u00e9ducation de la petite enfance et l\u2019intervention familiale.<\/p>\n\n\n\n<p class=\"wp-block-paragraph\">Exp\u00e9rience du syst\u00e8me \u00e9ducatif fran\u00e7ais\u00a0: Compr\u00e9hension des r\u00e9f\u00e9rentiels de qualifications professionnelles, des exigences relatives aux dipl\u00f4mes d\u2019\u00c9tat et de la r\u00e9glementation en mati\u00e8re d\u2019\u00e9ducation.<\/p>\n\n\n\n<p class=\"wp-block-paragraph\">Op\u00e9rations \u00e0 Mayotte\u00a0: Capacit\u00e9 \u00e0 dispenser des programmes de formation \u00e0 Mayotte avec l\u2019infrastructure et les ressources p\u00e9dagogiques appropri\u00e9es.<\/p>\n\n\n\n<p class=\"wp-block-paragraph\">Formation en fran\u00e7ais : Toutes les formations sont dispens\u00e9es en fran\u00e7ais.<\/p>\n\n\n\n<p class=\"wp-block-paragraph\">Conformit\u00e9 aux exigences de financement de l&#039;UE\u00a0: Exp\u00e9rience en mati\u00e8re de gestion de programmes \u00e9ducatifs financ\u00e9s par l&#039;UE, avec les obligations de d\u00e9claration et de conformit\u00e9 associ\u00e9es.<\/p>\n\n\n\n<p class=\"wp-block-paragraph\">Capacit\u00e9 multi-programmes\u00a0: possibilit\u00e9 de soumettre des offres pour plusieurs lots couvrant des domaines de formation connexes<\/p>\n\n\n\n<h3 class=\"wp-block-heading\"><strong>Analyse de la concurrence<\/strong><\/h3>\n\n\n\n<p class=\"wp-block-paragraph\">L&#039;historique des achats r\u00e9v\u00e8le\u00a0:<\/p>\n\n\n\n<p class=\"wp-block-paragraph\">OIDF est en t\u00eate en nombre de contrats (7 contrats) avec une valeur totale de 533 000 \u20ac, ce qui indique un succ\u00e8s dans les contrats plus petits et plus fr\u00e9quents.<\/p>\n\n\n\n<p class=\"wp-block-paragraph\">Plusieurs entreprises (LYCEE AGRICOLE DE MAYOTTE, ESCGM, TAMA YA MAECHA MSOMO NA HAZI, GRETA CFA, MIFAC, CREA PEPITES) ont remport\u00e9 des contrats d&#039;une valeur moyenne de 400 000 \u20ac, ce qui sugg\u00e8re un positionnement concurrentiel dans les programmes de formation de taille moyenne.<\/p>\n\n\n\n<p class=\"wp-block-paragraph\">Contexte du march\u00e9\u00a0:<\/p>\n\n\n\n<ul class=\"wp-block-list\">\n<li>50 contrats d&#039;une valeur de 7,5 millions d&#039;euros obtenus aupr\u00e8s de cet acheteur<\/li>\n\n\n\n<li>4 opportunit\u00e9s de renouvellement d&#039;une valeur de 158 millions d&#039;euros<\/li>\n\n\n\n<li>2\u00a0900 acheteurs ayant des projets d\u2019\u00e9ducation et de formation similaires d\u2019une valeur de 16 milliards d\u2019euros<\/li>\n<\/ul>\n\n\n\n<p class=\"wp-block-paragraph\">Tous les contractants historiques sont des organisations fran\u00e7aises, les donn\u00e9es ne faisant \u00e9tat d&#039;aucune participation internationale.<\/p>\n\n\n\n<h3 class=\"wp-block-heading\"><strong>Obstacles \u00e0 l&#039;entr\u00e9e<\/strong><\/h3>\n\n\n\n<p class=\"wp-block-paragraph\">Dipl\u00f4mes d&#039;enseignement fran\u00e7ais\u00a0: Les organismes de formation doivent respecter les normes fran\u00e7aises en mati\u00e8re d&#039;enseignement professionnel et dispenser des programmes menant \u00e0 des dipl\u00f4mes d&#039;\u00c9tat fran\u00e7ais reconnus.<\/p>\n\n\n\n<p class=\"wp-block-paragraph\">Lieu : Mayotte : Pr\u00e9sence physique ou capacit\u00e9 de partenariat \u00e0 Mayotte pour la prestation de programmes de formation en pr\u00e9sentiel<\/p>\n\n\n\n<p class=\"wp-block-paragraph\">Exigences linguistiques\u00a0: Les candidatures et la prestation du programme doivent se faire exclusivement en fran\u00e7ais.<\/p>\n\n\n\n<p class=\"wp-block-paragraph\">Autorisation de formation en soins de sant\u00e9\u00a0: Exigences probables pour l\u2019autorisation de dispenser des programmes de formation aux professionnels de la sant\u00e9<\/p>\n\n\n\n<p class=\"wp-block-paragraph\">Accr\u00e9ditation des programmes de formation en travail social\u00a0: qualifications requises pour dispenser des formations reconnues en travail social<\/p>\n\n\n\n<p class=\"wp-block-paragraph\">Gestion des fonds europ\u00e9ens\u00a0: capacit\u00e9 \u00e0 g\u00e9rer les programmes financ\u00e9s par l\u2019UE en respectant les exigences de conformit\u00e9<\/p>\n\n\n\n<p class=\"wp-block-paragraph\">Concentration du march\u00e9\u00a0: La valeur totale de 93\u00a0millions d\u2019euros, alors que les r\u00e9compenses pr\u00e9c\u00e9dentes s\u2019\u00e9levaient en moyenne \u00e0 299\u00a0000\u00a0euros, sugg\u00e8re qu\u2019il s\u2019agit d\u2019une expansion ou d\u2019une consolidation significative du march\u00e9.<\/p>\n\n\n\n<h2 class=\"wp-block-heading\"><strong>Perspectives strat\u00e9giques<\/strong><\/h2>\n\n\n\n<h3 class=\"wp-block-heading\"><strong>Perspectives strat\u00e9giques<\/strong><\/h3>\n\n\n\n<p class=\"wp-block-paragraph\">Remarque : Cet appel d&#039;offres s&#039;est cl\u00f4tur\u00e9 le 26 septembre 2025. L&#039;analyse suivante s&#039;applique aux opportunit\u00e9s futures similaires.<\/p>\n\n\n\n<p class=\"wp-block-paragraph\">Les offres retenues d\u00e9montreraient\u00a0:<\/p>\n\n\n\n<ol class=\"wp-block-list\">\n<li>Prestation ant\u00e9rieure de programmes de formation professionnelle en soins de sant\u00e9 ou en travail social en fran\u00e7ais<\/li>\n\n\n\n<li>Exp\u00e9rience des programmes de dipl\u00f4me d&#039;\u00c9tat en soins infirmiers, en travail social ou dans des domaines connexes<\/li>\n\n\n\n<li>Capacit\u00e9 \u00e0 mettre en \u0153uvre des programmes de formation dans les territoires fran\u00e7ais d&#039;outre-mer<\/li>\n\n\n\n<li>Capacit\u00e9s et ressources p\u00e9dagogiques en fran\u00e7ais<\/li>\n\n\n\n<li>Compr\u00e9hension des cadres de qualification professionnelle fran\u00e7ais<\/li>\n\n\n\n<li>Exp\u00e9rience des programmes d&#039;\u00e9ducation financ\u00e9s par l&#039;UE<\/li>\n\n\n\n<li>Les infrastructures ou les accords de partenariat permettant la mise en \u0153uvre du programme \u00e0 Mayotte<\/li>\n\n\n\n<li>Syst\u00e8mes d&#039;assurance qualit\u00e9 pour la formation professionnelle<\/li>\n\n\n\n<li>Les qualifications des instructeurs r\u00e9pondent aux normes \u00e9ducatives fran\u00e7aises.<\/li>\n\n\n\n<li>Services de soutien aux \u00e9tudiants adapt\u00e9s aux programmes de formation professionnelle<\/li>\n<\/ol>\n\n\n\n<p class=\"wp-block-paragraph\">Les crit\u00e8res d&#039;\u00e9valuation variables (certains lots \u00e9tant bas\u00e9s uniquement sur le prix, d&#039;autres combinant qualit\u00e9 et prix) sugg\u00e8rent que les strat\u00e9gies d&#039;ench\u00e8res diff\u00e8rent selon les lots. Les lots bas\u00e9s uniquement sur le prix (2, 4, 6, 7, 11, 12) privil\u00e9gient l&#039;efficience des co\u00fbts, tandis que les lots pond\u00e9r\u00e9s par la qualit\u00e9 (1, 3, 5, 8, 9, 10) permettent une diff\u00e9renciation par la qualit\u00e9 du programme, les qualifications des formateurs et les r\u00e9sultats d&#039;apprentissage.<\/p>\n\n\n\n<h3 class=\"wp-block-heading\"><strong>L&#039;\u00e9valuation des risques<\/strong><\/h3>\n\n\n\n<p class=\"wp-block-paragraph\">Les d\u00e9fis potentiels comprennent\u00a0:<\/p>\n\n\n\n<p class=\"wp-block-paragraph\">Isolement g\u00e9ographique : La mise en \u0153uvre de programmes de formation \u00e0 Mayotte n\u00e9cessite une logistique adapt\u00e9e au d\u00e9ploiement des formateurs, \u00e0 l&#039;approvisionnement en mat\u00e9riel et au soutien des \u00e9tudiants dans un lieu g\u00e9ographiquement isol\u00e9.<\/p>\n\n\n\n<p class=\"wp-block-paragraph\">Recrutement des formateurs : Attirer des formateurs qualifi\u00e9s dans les domaines de la sant\u00e9 et du travail social \u00e0 Mayotte pr\u00e9sente des d\u00e9fis en mati\u00e8re de recrutement.<\/p>\n\n\n\n<p class=\"wp-block-paragraph\">Exigences en mati\u00e8re d&#039;infrastructure : Mise en place ou maintien d&#039;installations de formation appropri\u00e9es, de sites de pratique clinique et de ressources p\u00e9dagogiques \u00e0 Mayotte.<\/p>\n\n\n\n<p class=\"wp-block-paragraph\">Population \u00e9tudiante : Comprendre les besoins sp\u00e9cifiques et le contexte des \u00e9tudiants dans l&#039;environnement d\u00e9mographique et culturel unique de Mayotte.<\/p>\n\n\n\n<p class=\"wp-block-paragraph\">Conformit\u00e9 r\u00e9glementaire : Respect de la r\u00e9glementation fran\u00e7aise en mati\u00e8re d&#039;\u00e9ducation lors d&#039;op\u00e9rations men\u00e9es sur un territoire d&#039;outre-mer pr\u00e9sentant des conditions locales sp\u00e9cifiques.<\/p>\n\n\n\n<p class=\"wp-block-paragraph\">Exigences de financement de l&#039;UE\u00a0: Respect des r\u00e9glementations, des exigences de d\u00e9claration et des proc\u00e9dures d&#039;audit en mati\u00e8re de financement de l&#039;UE tout au long du contrat de 48\u00a0mois.<\/p>\n\n\n\n<p class=\"wp-block-paragraph\">Coordination multi-lots : Pour les fournisseurs soumissionnant sur plusieurs lots, coordination de la mise en \u0153uvre simultan\u00e9e de divers programmes de formation.<\/p>\n\n\n\n<h3 class=\"wp-block-heading\"><strong>Consid\u00e9rations r\u00e9glementaires<\/strong><\/h3>\n\n\n\n<p class=\"wp-block-paragraph\">Toutes les formations doivent \u00eatre conformes \u00e0 la r\u00e9glementation fran\u00e7aise en mati\u00e8re d&#039;\u00e9ducation, aux exigences des dipl\u00f4mes d&#039;\u00c9tat et aux conditions de financement de l&#039;UE. Les exigences r\u00e9glementaires sp\u00e9cifiques sont d\u00e9taill\u00e9es dans le dossier d&#039;appel d&#039;offres complet.<\/p>\n\n\n\n<h2 class=\"wp-block-heading\"><strong>Recommandations concr\u00e8tes<\/strong><\/h2>\n\n\n\n<h3 class=\"wp-block-heading\"><strong>Pour les soumissionnaires potentiels<\/strong><\/h3>\n\n\n\n<p class=\"wp-block-paragraph\">Remarque : Cet appel d&#039;offres s&#039;est termin\u00e9 le 26 septembre 2025. Les recommandations suivantes s&#039;appliquent aux opportunit\u00e9s similaires futures.<\/p>\n\n\n\n<p class=\"wp-block-paragraph\">Les entreprises int\u00e9ress\u00e9es par les futurs appels d&#039;offres de formation EPA LAREFORM PRO DE MAYOTTE doivent\u00a0:<\/p>\n\n\n\n<ol class=\"wp-block-list\">\n<li>Surveillez la plateforme d&#039;approvisionnement de l&#039;EPA LAREFORM PRO DE MAYOTTE et TED pour des opportunit\u00e9s similaires<\/li>\n\n\n\n<li>\u00c9laborer des projets de r\u00e9f\u00e9rence d\u00e9montrant les capacit\u00e9s de formation en soins de sant\u00e9 ou en travail social en France<\/li>\n\n\n\n<li>D\u00e9velopper des partenariats avec des organisations ayant une exp\u00e9rience op\u00e9rationnelle \u00e0 Mayotte<\/li>\n\n\n\n<li>Obtenir les autorisations et accr\u00e9ditations n\u00e9cessaires en mati\u00e8re d&#039;\u00e9ducation fran\u00e7aise<\/li>\n\n\n\n<li>Pr\u00e9parer la documentation relative aux qualifications des instructeurs et au mat\u00e9riel p\u00e9dagogique en fran\u00e7ais<\/li>\n\n\n\n<li>Comprendre les exigences de conformit\u00e9 des programmes d&#039;\u00e9ducation en mati\u00e8re de financement de l&#039;UE<\/li>\n\n\n\n<li>\u00c9valuer les besoins en infrastructure pour la mise en \u0153uvre des programmes \u00e0 Mayotte<\/li>\n\n\n\n<li>Calculer les co\u00fbts en tenant compte de l&#039;\u00e9loignement g\u00e9ographique et des frais de d\u00e9ploiement des instructeurs<\/li>\n\n\n\n<li>Examiner les crit\u00e8res d&#039;\u00e9valuation sp\u00e9cifiques au lot afin de d\u00e9terminer la strat\u00e9gie d&#039;ench\u00e8res optimale<\/li>\n\n\n\n<li>Envisagez des approches de consortium pour les appels d&#039;offres multi-lots n\u00e9cessitant des expertises diversifi\u00e9es.<\/li>\n<\/ol>\n\n\n\n<h3 class=\"wp-block-heading\"><strong>Pour les observateurs du secteur<\/strong><\/h3>\n\n\n\n<p class=\"wp-block-paragraph\">Cet appel d&#039;offres r\u00e9v\u00e8le plusieurs tendances importantes\u00a0:<\/p>\n\n\n\n<p class=\"wp-block-paragraph\">D\u00e9veloppement de la main-d&#039;\u0153uvre \u00e0 l&#039;\u00e9tranger : L&#039;investissement de 93 millions d&#039;euros t\u00e9moigne d&#039;un engagement substantiel en faveur du d\u00e9veloppement de la main-d&#039;\u0153uvre dans les secteurs de la sant\u00e9 et du travail social \u00e0 Mayotte.<\/p>\n\n\n\n<p class=\"wp-block-paragraph\">Financement de l&#039;UE pour la formation professionnelle\u00a0: le financement de l&#039;UE permet des investissements importants dans la formation professionnelle dans les territoires fran\u00e7ais d&#039;outre-mer.<\/p>\n\n\n\n<p class=\"wp-block-paragraph\">Domination dans la formation aux soins de sant\u00e9 : Le lot du dipl\u00f4me d&#039;\u00c9tat d&#039;infirmi\u00e8re (5,04 millions d&#039;euros) repr\u00e9sente plus de 51 TP3 TP de la valeur totale du contrat, indiquant une priorit\u00e9 accord\u00e9e au d\u00e9veloppement du personnel infirmier.<\/p>\n\n\n\n<p class=\"wp-block-paragraph\">Diverses sp\u00e9cialisations en travail social : Les multiples lots de formation en travail social (6 sur 12) refl\u00e8tent un d\u00e9veloppement complet de la main-d&#039;\u0153uvre des services sociaux.<\/p>\n\n\n\n<p class=\"wp-block-paragraph\">Accessibilit\u00e9 des proc\u00e9dures ouvertes\u00a0: contrairement aux proc\u00e9dures restreintes, le format ouvert permet une participation plus large du march\u00e9.<\/p>\n\n\n\n<p class=\"wp-block-paragraph\">Dur\u00e9e du contrat : La dur\u00e9e de 48 mois assure la stabilit\u00e9 de la formation et permet une planification pluriannuelle des cohortes.<\/p>\n\n\n\n<h2 class=\"wp-block-heading\"><strong>Opportunit\u00e9s connexes<\/strong><\/h2>\n\n\n\n<p class=\"wp-block-paragraph\">Le dossier d&#039;appel d&#039;offres fait r\u00e9f\u00e9rence \u00e0 un rectificatif publi\u00e9 le 5 septembre 2025 (document FR 00579973-2025). Les parties int\u00e9ress\u00e9es sont invit\u00e9es \u00e0 consulter l&#039;avis initial et le rectificatif pour conna\u00eetre l&#039;ensemble des exigences.<\/p>\n\n\n\n<p class=\"wp-block-paragraph\">Le profil d&#039;approvisionnement de l&#039;acheteur indique\u00a0:<\/p>\n\n\n\n<ul class=\"wp-block-list\">\n<li>4 opportunit\u00e9s de renouvellement d&#039;une valeur de 158 millions d&#039;euros<\/li>\n<\/ul>\n\n\n\n<p class=\"wp-block-paragraph\">Cela laisse entrevoir la possibilit\u00e9 de renouvellements ou de prolongations de contrats. Les entreprises sont invit\u00e9es \u00e0 consulter r\u00e9guli\u00e8rement les avis de march\u00e9 de l&#039;EPA LAREFORM PRO DE MAYOTTE pour conna\u00eetre les futures opportunit\u00e9s de formation.<\/p>\n\n\n\n<p class=\"wp-block-paragraph\">Des opportunit\u00e9s similaires existent aupr\u00e8s de 2\u00a0900 autres acheteurs menant des projets d\u2019\u00e9ducation et de formation d\u2019une valeur de 16 milliards d\u2019euros \u00e0 travers l\u2019Europe.<\/p>\n\n\n\n<p class=\"wp-block-paragraph\">Les organismes de formation doivent surveiller\u00a0:<\/p>\n\n\n\n<ul class=\"wp-block-list\">\n<li>Plateforme d&#039;approvisionnement EPA LAREFORM PRO DE MAYOTTE pour les opportunit\u00e9s futures<\/li>\n\n\n\n<li>La base de donn\u00e9es d&#039;Hermix pour les appels d&#039;offres fran\u00e7ais dans le domaine de l&#039;\u00e9ducation et de la formation<\/li>\n\n\n\n<li>D&#039;autres autorit\u00e9s \u00e9ducatives des territoires fran\u00e7ais d&#039;outre-mer offrent des opportunit\u00e9s comparables.<\/li>\n\n\n\n<li>Achats de programmes de formation dans le secteur de la sant\u00e9 et du travail social \u00e0 travers la France<\/li>\n<\/ul>\n\n\n\n<p class=\"wp-block-paragraph\">Pour consulter la documentation compl\u00e8te et d&#039;autres appels d&#039;offres publics pertinents, inscrivez-vous gratuitement sur Hermix, ici\u00a0: <a href=\"https:\/\/hermix.com\/fr\/sinscrire\/\">https:\/\/hermix.com\/sign-up\/<\/a><\/p>\n\n\n\n<p class=\"wp-block-paragraph\">Aucune carte de cr\u00e9dit requise, aucune question pos\u00e9e.&nbsp;<\/p>\n\n\n\n<p class=\"wp-block-paragraph\"><em>P.-S.\u00a0: Cette analyse repose sur les documents d\u2019appel d\u2019offres publics et les donn\u00e9es fournies par le pouvoir adjudicateur. Bien que nous nous efforcions de fournir des informations exactes, il appartient aux utilisateurs de v\u00e9rifier tous les d\u00e9tails dans les documents d\u2019appel d\u2019offres officiels avant toute d\u00e9cision d\u2019achat.<\/em><\/p>\n\n\n<figure class=\"wp-block-post-featured-image\"><img fetchpriority=\"high\" decoding=\"async\" width=\"1535\" height=\"722\" src=\"https:\/\/hermix.com\/wp-content\/uploads\/2025\/10\/Formation-professionnelle-du-secteur-sanitaire-et-social-article-featured-image-1.png\" class=\"attachment-post-thumbnail size-post-thumbnail wp-post-image\" alt=\"Formation professionnelle du secteur sanitaire et social - appel d&#039;offres\" style=\"object-fit:cover;\" srcset=\"https:\/\/hermix.com\/wp-content\/uploads\/2025\/10\/Formation-professionnelle-du-secteur-sanitaire-et-social-article-featured-image-1.png 1535w, https:\/\/hermix.com\/wp-content\/uploads\/2025\/10\/Formation-professionnelle-du-secteur-sanitaire-et-social-article-featured-image-1-300x141.png 300w, https:\/\/hermix.com\/wp-content\/uploads\/2025\/10\/Formation-professionnelle-du-secteur-sanitaire-et-social-article-featured-image-1-1024x482.png 1024w, https:\/\/hermix.com\/wp-content\/uploads\/2025\/10\/Formation-professionnelle-du-secteur-sanitaire-et-social-article-featured-image-1-768x361.png 768w\" sizes=\"(max-width: 1535px) 100vw, 1535px\" \/><\/figure>","protected":false},"excerpt":{"rendered":"<p>EPA LAREFORM PRO DE MAYOTTE has issued an open tender for professional training services in the health and social sectors worth \u20ac92.98 million over 48 months. This EU-funded procurement covers 12 training programs ranging from advanced practice nursing to social work education across Mayotte. Executive Summary EPA LAREFORM PRO DE MAYOTTE, a public education authority, [&hellip;]<\/p>\n","protected":false},"author":2,"featured_media":7772,"comment_status":"closed","ping_status":"closed","sticky":false,"template":"","format":"standard","meta":{"_angie_page":false,"content-type":"","inline_featured_image":false,"page_builder":"","footnotes":""},"categories":[35],"tags":[25,33],"ppma_author":[16],"class_list":["post-6653","post","type-post","status-publish","format-standard","has-post-thumbnail","hentry","category-tender-analysis","tag-public-sector","tag-public-tender"],"aioseo_notices":[],"aioseo_head":"\n\t\t<!-- All in One SEO 5.0.0.1 - aioseo.com -->\n\t<meta name=\"description\" content=\"EPA LAREFORM PRO DE MAYOTTE has issued an open tender for professional training services in the health and social sectors worth \u20ac92.98 million over 48 months. This EU-funded procurement covers 12 training programs ranging from advanced practice nursing to social work education across Mayotte. Executive Summary EPA LAREFORM PRO DE MAYOTTE, a public education authority,\" \/>\n\t<meta name=\"robots\" content=\"max-image-preview:large\" \/>\n\t<meta name=\"author\" content=\"Ana-Maria Puiu\"\/>\n\t<link rel=\"canonical\" href=\"https:\/\/hermix.com\/fr\/french-education-agency-awards-e93m-healthcare-and-social-work-training-contract-in-mayotte\/\" \/>\n\t<meta name=\"generator\" content=\"All in One SEO (AIOSEO) 5.0.0.1\" \/>\n\t\t<meta property=\"og:locale\" content=\"fr_FR\" \/>\n\t\t<meta property=\"og:site_name\" content=\"Hermix - Win Public Contracts with the Power of AI\" \/>\n\t\t<meta property=\"og:type\" content=\"article\" \/>\n\t\t<meta property=\"og:title\" content=\"French Education Agency Awards \u20ac93M Healthcare and Social Work Training Contract in Mayotte - Hermix\" \/>\n\t\t<meta property=\"og:description\" content=\"EPA LAREFORM PRO DE MAYOTTE has issued an open tender for professional training services in the health and social sectors worth \u20ac92.98 million over 48 months. This EU-funded procurement covers 12 training programs ranging from advanced practice nursing to social work education across Mayotte. Executive Summary EPA LAREFORM PRO DE MAYOTTE, a public education authority,\" \/>\n\t\t<meta property=\"og:url\" content=\"https:\/\/hermix.com\/fr\/french-education-agency-awards-e93m-healthcare-and-social-work-training-contract-in-mayotte\/\" \/>\n\t\t<meta property=\"og:image\" content=\"https:\/\/hermix.com\/wp-content\/uploads\/2025\/10\/Formation-professionnelle-du-secteur-sanitaire-et-social-article-featured-image-1.png\" \/>\n\t\t<meta property=\"og:image:secure_url\" content=\"https:\/\/hermix.com\/wp-content\/uploads\/2025\/10\/Formation-professionnelle-du-secteur-sanitaire-et-social-article-featured-image-1.png\" \/>\n\t\t<meta property=\"og:image:width\" content=\"1535\" \/>\n\t\t<meta property=\"og:image:height\" content=\"722\" \/>\n\t\t<meta property=\"article:published_time\" content=\"2025-10-14T11:42:22+00:00\" \/>\n\t\t<meta property=\"article:modified_time\" content=\"2025-10-14T11:42:22+00:00\" \/>\n\t\t<meta property=\"article:publisher\" content=\"https:\/\/www.facebook.com\/hermixapp\" \/>\n\t\t<meta name=\"twitter:card\" content=\"summary_large_image\" \/>\n\t\t<meta name=\"twitter:site\" content=\"@Hermix_sw\" \/>\n\t\t<meta name=\"twitter:title\" content=\"French Education Agency Awards \u20ac93M Healthcare and Social Work Training Contract in Mayotte - Hermix\" \/>\n\t\t<meta name=\"twitter:description\" content=\"EPA LAREFORM PRO DE MAYOTTE has issued an open tender for professional training services in the health and social sectors worth \u20ac92.98 million over 48 months. This EU-funded procurement covers 12 training programs ranging from advanced practice nursing to social work education across Mayotte. Executive Summary EPA LAREFORM PRO DE MAYOTTE, a public education authority,\" \/>\n\t\t<meta name=\"twitter:creator\" content=\"@Hermix_sw\" \/>\n\t\t<meta name=\"twitter:image\" content=\"https:\/\/hermix.com\/wp-content\/uploads\/2025\/10\/Formation-professionnelle-du-secteur-sanitaire-et-social-article-featured-image-1.png\" \/>\n\t\t<script type=\"application\/ld+json\" class=\"aioseo-schema\">\n\t\t\t{\"@context\":\"https:\\\/\\\/schema.org\",\"@graph\":[{\"@type\":\"BlogPosting\",\"@id\":\"https:\\\/\\\/hermix.com\\\/fr\\\/french-education-agency-awards-e93m-healthcare-and-social-work-training-contract-in-mayotte\\\/#blogposting\",\"name\":\"French Education Agency Awards \\u20ac93M Healthcare and Social Work Training Contract in Mayotte - Hermix\",\"headline\":\"French Education Agency Awards \\u20ac93M Healthcare and Social Work Training Contract in Mayotte\",\"author\":{\"@id\":\"https:\\\/\\\/hermix.com\\\/fr\\\/author\\\/ana-maria-puiu\\\/#author\"},\"publisher\":{\"@id\":\"https:\\\/\\\/hermix.com\\\/fr\\\/#organization\"},\"image\":{\"@type\":\"ImageObject\",\"url\":\"https:\\\/\\\/hermix.com\\\/wp-content\\\/uploads\\\/2025\\\/10\\\/Formation-professionnelle-du-secteur-sanitaire-et-social-article-featured-image-1.png\",\"width\":1535,\"height\":722,\"caption\":\"Formation professionnelle du secteur sanitaire et social - tender opportunity\"},\"datePublished\":\"2025-10-14T13:42:22+03:00\",\"dateModified\":\"2025-10-14T13:42:22+03:00\",\"inLanguage\":\"fr-FR\",\"mainEntityOfPage\":{\"@id\":\"https:\\\/\\\/hermix.com\\\/fr\\\/french-education-agency-awards-e93m-healthcare-and-social-work-training-contract-in-mayotte\\\/#webpage\"},\"isPartOf\":{\"@id\":\"https:\\\/\\\/hermix.com\\\/fr\\\/french-education-agency-awards-e93m-healthcare-and-social-work-training-contract-in-mayotte\\\/#webpage\"},\"articleSection\":\"Tender Analysis, public sector, public tender, Ana-Maria Puiu\"},{\"@type\":\"BreadcrumbList\",\"@id\":\"https:\\\/\\\/hermix.com\\\/fr\\\/french-education-agency-awards-e93m-healthcare-and-social-work-training-contract-in-mayotte\\\/#breadcrumblist\",\"itemListElement\":[{\"@type\":\"ListItem\",\"@id\":\"https:\\\/\\\/hermix.com\\\/fr#listItem\",\"position\":1,\"name\":\"Home\",\"item\":\"https:\\\/\\\/hermix.com\\\/fr\",\"nextItem\":{\"@type\":\"ListItem\",\"@id\":\"https:\\\/\\\/hermix.com\\\/fr\\\/category\\\/tender-analysis\\\/#listItem\",\"name\":\"Tender Analysis\"}},{\"@type\":\"ListItem\",\"@id\":\"https:\\\/\\\/hermix.com\\\/fr\\\/category\\\/tender-analysis\\\/#listItem\",\"position\":2,\"name\":\"Tender Analysis\",\"item\":\"https:\\\/\\\/hermix.com\\\/fr\\\/category\\\/tender-analysis\\\/\",\"nextItem\":{\"@type\":\"ListItem\",\"@id\":\"https:\\\/\\\/hermix.com\\\/fr\\\/french-education-agency-awards-e93m-healthcare-and-social-work-training-contract-in-mayotte\\\/#listItem\",\"name\":\"French Education Agency Awards \\u20ac93M Healthcare and Social Work Training Contract in Mayotte\"},\"previousItem\":{\"@type\":\"ListItem\",\"@id\":\"https:\\\/\\\/hermix.com\\\/fr#listItem\",\"name\":\"Home\"}},{\"@type\":\"ListItem\",\"@id\":\"https:\\\/\\\/hermix.com\\\/fr\\\/french-education-agency-awards-e93m-healthcare-and-social-work-training-contract-in-mayotte\\\/#listItem\",\"position\":3,\"name\":\"French Education Agency Awards \\u20ac93M Healthcare and Social Work Training Contract in Mayotte\",\"previousItem\":{\"@type\":\"ListItem\",\"@id\":\"https:\\\/\\\/hermix.com\\\/fr\\\/category\\\/tender-analysis\\\/#listItem\",\"name\":\"Tender Analysis\"}}]},{\"@type\":\"Organization\",\"@id\":\"https:\\\/\\\/hermix.com\\\/fr\\\/#organization\",\"name\":\"Hermix\",\"description\":\"Win Public Contracts with the Power of AI\",\"url\":\"https:\\\/\\\/hermix.com\\\/fr\\\/\",\"logo\":{\"@type\":\"ImageObject\",\"url\":\"https:\\\/\\\/www.hermix.com\\\/wp-content\\\/uploads\\\/2022\\\/04\\\/hermix_logo.png\",\"@id\":\"https:\\\/\\\/hermix.com\\\/fr\\\/french-education-agency-awards-e93m-healthcare-and-social-work-training-contract-in-mayotte\\\/#organizationLogo\"},\"image\":{\"@id\":\"https:\\\/\\\/hermix.com\\\/fr\\\/french-education-agency-awards-e93m-healthcare-and-social-work-training-contract-in-mayotte\\\/#organizationLogo\"},\"sameAs\":[\"https:\\\/\\\/www.facebook.com\\\/hermixapp\",\"https:\\\/\\\/twitter.com\\\/Hermix_sw\",\"https:\\\/\\\/www.instagram.com\\\/hermix_sw\\\/\",\"https:\\\/\\\/be.linkedin.com\\\/company\\\/hermix\"]},{\"@type\":\"Person\",\"@id\":\"https:\\\/\\\/hermix.com\\\/fr\\\/author\\\/ana-maria-puiu\\\/#author\",\"url\":\"https:\\\/\\\/hermix.com\\\/fr\\\/author\\\/ana-maria-puiu\\\/\",\"name\":\"Ana-Maria Puiu\"},{\"@type\":\"WebPage\",\"@id\":\"https:\\\/\\\/hermix.com\\\/fr\\\/french-education-agency-awards-e93m-healthcare-and-social-work-training-contract-in-mayotte\\\/#webpage\",\"url\":\"https:\\\/\\\/hermix.com\\\/fr\\\/french-education-agency-awards-e93m-healthcare-and-social-work-training-contract-in-mayotte\\\/\",\"name\":\"French Education Agency Awards \\u20ac93M Healthcare and Social Work Training Contract in Mayotte - Hermix\",\"description\":\"EPA LAREFORM PRO DE MAYOTTE has issued an open tender for professional training services in the health and social sectors worth \\u20ac92.98 million over 48 months. This EU-funded procurement covers 12 training programs ranging from advanced practice nursing to social work education across Mayotte. Executive Summary EPA LAREFORM PRO DE MAYOTTE, a public education authority,\",\"inLanguage\":\"fr-FR\",\"isPartOf\":{\"@id\":\"https:\\\/\\\/hermix.com\\\/fr\\\/#website\"},\"breadcrumb\":{\"@id\":\"https:\\\/\\\/hermix.com\\\/fr\\\/french-education-agency-awards-e93m-healthcare-and-social-work-training-contract-in-mayotte\\\/#breadcrumblist\"},\"author\":{\"@id\":\"https:\\\/\\\/hermix.com\\\/fr\\\/author\\\/ana-maria-puiu\\\/#author\"},\"creator\":{\"@id\":\"https:\\\/\\\/hermix.com\\\/fr\\\/author\\\/ana-maria-puiu\\\/#author\"},\"image\":{\"@type\":\"ImageObject\",\"url\":\"https:\\\/\\\/hermix.com\\\/wp-content\\\/uploads\\\/2025\\\/10\\\/Formation-professionnelle-du-secteur-sanitaire-et-social-article-featured-image-1.png\",\"@id\":\"https:\\\/\\\/hermix.com\\\/fr\\\/french-education-agency-awards-e93m-healthcare-and-social-work-training-contract-in-mayotte\\\/#mainImage\",\"width\":1535,\"height\":722,\"caption\":\"Formation professionnelle du secteur sanitaire et social - tender opportunity\"},\"primaryImageOfPage\":{\"@id\":\"https:\\\/\\\/hermix.com\\\/fr\\\/french-education-agency-awards-e93m-healthcare-and-social-work-training-contract-in-mayotte\\\/#mainImage\"},\"datePublished\":\"2025-10-14T13:42:22+03:00\",\"dateModified\":\"2025-10-14T13:42:22+03:00\"},{\"@type\":\"WebSite\",\"@id\":\"https:\\\/\\\/hermix.com\\\/fr\\\/#website\",\"url\":\"https:\\\/\\\/hermix.com\\\/fr\\\/\",\"name\":\"Hermix\",\"description\":\"Win Public Contracts with the Power of AI\",\"inLanguage\":\"fr-FR\",\"publisher\":{\"@id\":\"https:\\\/\\\/hermix.com\\\/fr\\\/#organization\"}}]}\n\t\t<\/script>\n\t\t<!-- All in One SEO -->\n\n","aioseo_head_json":{"title":"L&#039;Agence fran\u00e7aise pour l&#039;\u00e9ducation attribue un contrat de formation de 93 millions d&#039;euros dans le secteur de la sant\u00e9 et du travail social \u00e0 Mayotte - Hermix","description":"L&#039;EPA LAREFORM PRO DE MAYOTTE a lanc\u00e9 un appel d&#039;offres ouvert pour des services de formation professionnelle dans les secteurs de la sant\u00e9 et du social, d&#039;une valeur de 92,98 millions d&#039;euros sur 48 mois. Ce march\u00e9, financ\u00e9 par l&#039;UE, couvre 12 programmes de formation, allant des soins infirmiers de pratique avanc\u00e9e \u00e0 la formation en travail social, dans tout le comt\u00e9 de Mayotte. R\u00e9sum\u00e9 : L&#039;EPA LAREFORM PRO DE MAYOTTE, un organisme public d&#039;\u00e9ducation,","canonical_url":"https:\/\/hermix.com\/fr\/french-education-agency-awards-e93m-healthcare-and-social-work-training-contract-in-mayotte\/","robots":"max-image-preview:large","keywords":"","webmasterTools":{"miscellaneous":""},"schema":{"@context":"https:\/\/schema.org","@graph":[{"@type":"BlogPosting","@id":"https:\/\/hermix.com\/fr\/french-education-agency-awards-e93m-healthcare-and-social-work-training-contract-in-mayotte\/#blogposting","name":"French Education Agency Awards \u20ac93M Healthcare and Social Work Training Contract in Mayotte - Hermix","headline":"French Education Agency Awards \u20ac93M Healthcare and Social Work Training Contract in Mayotte","author":{"@id":"https:\/\/hermix.com\/fr\/author\/ana-maria-puiu\/#author"},"publisher":{"@id":"https:\/\/hermix.com\/fr\/#organization"},"image":{"@type":"ImageObject","url":"https:\/\/hermix.com\/wp-content\/uploads\/2025\/10\/Formation-professionnelle-du-secteur-sanitaire-et-social-article-featured-image-1.png","width":1535,"height":722,"caption":"Formation professionnelle du secteur sanitaire et social - tender opportunity"},"datePublished":"2025-10-14T13:42:22+03:00","dateModified":"2025-10-14T13:42:22+03:00","inLanguage":"fr-FR","mainEntityOfPage":{"@id":"https:\/\/hermix.com\/fr\/french-education-agency-awards-e93m-healthcare-and-social-work-training-contract-in-mayotte\/#webpage"},"isPartOf":{"@id":"https:\/\/hermix.com\/fr\/french-education-agency-awards-e93m-healthcare-and-social-work-training-contract-in-mayotte\/#webpage"},"articleSection":"Tender Analysis, public sector, public tender, Ana-Maria Puiu"},{"@type":"BreadcrumbList","@id":"https:\/\/hermix.com\/fr\/french-education-agency-awards-e93m-healthcare-and-social-work-training-contract-in-mayotte\/#breadcrumblist","itemListElement":[{"@type":"ListItem","@id":"https:\/\/hermix.com\/fr#listItem","position":1,"name":"Home","item":"https:\/\/hermix.com\/fr","nextItem":{"@type":"ListItem","@id":"https:\/\/hermix.com\/fr\/category\/tender-analysis\/#listItem","name":"Tender Analysis"}},{"@type":"ListItem","@id":"https:\/\/hermix.com\/fr\/category\/tender-analysis\/#listItem","position":2,"name":"Tender Analysis","item":"https:\/\/hermix.com\/fr\/category\/tender-analysis\/","nextItem":{"@type":"ListItem","@id":"https:\/\/hermix.com\/fr\/french-education-agency-awards-e93m-healthcare-and-social-work-training-contract-in-mayotte\/#listItem","name":"French Education Agency Awards \u20ac93M Healthcare and Social Work Training Contract in Mayotte"},"previousItem":{"@type":"ListItem","@id":"https:\/\/hermix.com\/fr#listItem","name":"Home"}},{"@type":"ListItem","@id":"https:\/\/hermix.com\/fr\/french-education-agency-awards-e93m-healthcare-and-social-work-training-contract-in-mayotte\/#listItem","position":3,"name":"French Education Agency Awards \u20ac93M Healthcare and Social Work Training Contract in Mayotte","previousItem":{"@type":"ListItem","@id":"https:\/\/hermix.com\/fr\/category\/tender-analysis\/#listItem","name":"Tender Analysis"}}]},{"@type":"Organization","@id":"https:\/\/hermix.com\/fr\/#organization","name":"Hermix","description":"Win Public Contracts with the Power of AI","url":"https:\/\/hermix.com\/fr\/","logo":{"@type":"ImageObject","url":"https:\/\/www.hermix.com\/wp-content\/uploads\/2022\/04\/hermix_logo.png","@id":"https:\/\/hermix.com\/fr\/french-education-agency-awards-e93m-healthcare-and-social-work-training-contract-in-mayotte\/#organizationLogo"},"image":{"@id":"https:\/\/hermix.com\/fr\/french-education-agency-awards-e93m-healthcare-and-social-work-training-contract-in-mayotte\/#organizationLogo"},"sameAs":["https:\/\/www.facebook.com\/hermixapp","https:\/\/twitter.com\/Hermix_sw","https:\/\/www.instagram.com\/hermix_sw\/","https:\/\/be.linkedin.com\/company\/hermix"]},{"@type":"Person","@id":"https:\/\/hermix.com\/fr\/author\/ana-maria-puiu\/#author","url":"https:\/\/hermix.com\/fr\/author\/ana-maria-puiu\/","name":"Ana-Maria Puiu"},{"@type":"WebPage","@id":"https:\/\/hermix.com\/fr\/french-education-agency-awards-e93m-healthcare-and-social-work-training-contract-in-mayotte\/#webpage","url":"https:\/\/hermix.com\/fr\/french-education-agency-awards-e93m-healthcare-and-social-work-training-contract-in-mayotte\/","name":"French Education Agency Awards \u20ac93M Healthcare and Social Work Training Contract in Mayotte - Hermix","description":"EPA LAREFORM PRO DE MAYOTTE has issued an open tender for professional training services in the health and social sectors worth \u20ac92.98 million over 48 months. This EU-funded procurement covers 12 training programs ranging from advanced practice nursing to social work education across Mayotte. Executive Summary EPA LAREFORM PRO DE MAYOTTE, a public education authority,","inLanguage":"fr-FR","isPartOf":{"@id":"https:\/\/hermix.com\/fr\/#website"},"breadcrumb":{"@id":"https:\/\/hermix.com\/fr\/french-education-agency-awards-e93m-healthcare-and-social-work-training-contract-in-mayotte\/#breadcrumblist"},"author":{"@id":"https:\/\/hermix.com\/fr\/author\/ana-maria-puiu\/#author"},"creator":{"@id":"https:\/\/hermix.com\/fr\/author\/ana-maria-puiu\/#author"},"image":{"@type":"ImageObject","url":"https:\/\/hermix.com\/wp-content\/uploads\/2025\/10\/Formation-professionnelle-du-secteur-sanitaire-et-social-article-featured-image-1.png","@id":"https:\/\/hermix.com\/fr\/french-education-agency-awards-e93m-healthcare-and-social-work-training-contract-in-mayotte\/#mainImage","width":1535,"height":722,"caption":"Formation professionnelle du secteur sanitaire et social - tender opportunity"},"primaryImageOfPage":{"@id":"https:\/\/hermix.com\/fr\/french-education-agency-awards-e93m-healthcare-and-social-work-training-contract-in-mayotte\/#mainImage"},"datePublished":"2025-10-14T13:42:22+03:00","dateModified":"2025-10-14T13:42:22+03:00"},{"@type":"WebSite","@id":"https:\/\/hermix.com\/fr\/#website","url":"https:\/\/hermix.com\/fr\/","name":"Hermix","description":"Win Public Contracts with the Power of AI","inLanguage":"fr-FR","publisher":{"@id":"https:\/\/hermix.com\/fr\/#organization"}}]},"og:locale":"fr_FR","og:site_name":"Hermix - Win Public Contracts with the Power of AI","og:type":"article","og:title":"French Education Agency Awards \u20ac93M Healthcare and Social Work Training Contract in Mayotte - Hermix","og:description":"EPA LAREFORM PRO DE MAYOTTE has issued an open tender for professional training services in the health and social sectors worth \u20ac92.98 million over 48 months. This EU-funded procurement covers 12 training programs ranging from advanced practice nursing to social work education across Mayotte. Executive Summary EPA LAREFORM PRO DE MAYOTTE, a public education authority,","og:url":"https:\/\/hermix.com\/fr\/french-education-agency-awards-e93m-healthcare-and-social-work-training-contract-in-mayotte\/","og:image":"https:\/\/hermix.com\/wp-content\/uploads\/2025\/10\/Formation-professionnelle-du-secteur-sanitaire-et-social-article-featured-image-1.png","og:image:secure_url":"https:\/\/hermix.com\/wp-content\/uploads\/2025\/10\/Formation-professionnelle-du-secteur-sanitaire-et-social-article-featured-image-1.png","og:image:width":1535,"og:image:height":722,"article:published_time":"2025-10-14T11:42:22+00:00","article:modified_time":"2025-10-14T11:42:22+00:00","article:publisher":"https:\/\/www.facebook.com\/hermixapp","twitter:card":"summary_large_image","twitter:site":"@Hermix_sw","twitter:title":"French Education Agency Awards \u20ac93M Healthcare and Social Work Training Contract in Mayotte - Hermix","twitter:description":"EPA LAREFORM PRO DE MAYOTTE has issued an open tender for professional training services in the health and social sectors worth \u20ac92.98 million over 48 months. This EU-funded procurement covers 12 training programs ranging from advanced practice nursing to social work education across Mayotte. Executive Summary EPA LAREFORM PRO DE MAYOTTE, a public education authority,","twitter:creator":"@Hermix_sw","twitter:image":"https:\/\/hermix.com\/wp-content\/uploads\/2025\/10\/Formation-professionnelle-du-secteur-sanitaire-et-social-article-featured-image-1.png"},"aioseo_meta_data":{"post_id":"6653","title":null,"description":null,"keywords":null,"keyphrases":null,"focus_keyword":null,"additional_keywords":null,"truseo_locale":null,"primary_term":null,"canonical_url":null,"og_title":null,"og_description":null,"og_object_type":"default","og_image_type":"default","og_image_custom_url":null,"og_image_custom_fields":null,"og_image_url":null,"og_image_width":null,"og_image_height":null,"og_video":null,"og_custom_url":null,"og_article_section":null,"og_article_tags":null,"twitter_use_og":false,"twitter_card":"default","twitter_image_type":"default","twitter_image_custom_url":null,"twitter_image_custom_fields":null,"twitter_image_url":null,"twitter_title":null,"twitter_description":null,"schema_type":"default","schema_type_options":null,"schema":{"blockGraphs":[],"customGraphs":[],"default":{"data":{"Article":[],"Course":[],"Dataset":[],"FAQPage":[],"Movie":[],"Person":[],"Product":[],"ProductReview":[],"Car":[],"Recipe":[],"Service":[],"SoftwareApplication":[],"WebPage":[]},"graphName":"","isEnabled":true},"graphs":[]},"pillar_content":false,"robots_default":true,"robots_noindex":false,"robots_noarchive":false,"robots_nosnippet":false,"robots_nofollow":false,"robots_noimageindex":false,"robots_noodp":false,"robots_notranslate":false,"robots_max_snippet":null,"robots_max_videopreview":null,"robots_max_imagepreview":"large","priority":null,"frequency":null,"local_seo":null,"limit_modified_date":false,"ai":null,"breadcrumb_settings":null,"seo_analyzer_scan_date":null,"created":"2026-08-20 11:39:23","updated":"2026-08-20 11:39:23"},"aioseo_breadcrumb":"<div class=\"aioseo-breadcrumbs\"><span class=\"aioseo-breadcrumb\">\n\t\t\t<a href=\"https:\/\/hermix.com\/fr\" title=\"Home\">Home<\/a>\n\t\t<\/span><span class=\"aioseo-breadcrumb-separator\">&raquo;<\/span><span class=\"aioseo-breadcrumb\">\n\t\t\t<a href=\"https:\/\/hermix.com\/fr\/category\/tender-analysis\/\" title=\"Tender Analysis\">Tender Analysis<\/a>\n\t\t<\/span><span class=\"aioseo-breadcrumb-separator\">&raquo;<\/span><span class=\"aioseo-breadcrumb\">\n\t\t\tFrench Education Agency Awards \u20ac93M Healthcare and Social Work Training Contract in Mayotte\n\t\t<\/span><\/div>","aioseo_breadcrumb_json":[{"label":"Home","link":"https:\/\/hermix.com\/fr"},{"label":"Tender Analysis","link":"https:\/\/hermix.com\/fr\/category\/tender-analysis\/"},{"label":"French Education Agency Awards \u20ac93M Healthcare and Social Work Training Contract in Mayotte","link":"https:\/\/hermix.com\/fr\/french-education-agency-awards-e93m-healthcare-and-social-work-training-contract-in-mayotte\/"}],"authors":[{"term_id":16,"user_id":2,"is_guest":0,"slug":"ana-maria-puiu","display_name":"Ana-Maria Puiu","avatar_url":"https:\/\/secure.gravatar.com\/avatar\/daf02b346ef383e82c6abf3984608b2753f0bfd78c4938ff758ad3f789eda467?s=96&d=mm&r=g","author_category":"","first_name":"","last_name":"","user_url":"","job_title":"","description":""}],"_links":{"self":[{"href":"https:\/\/hermix.com\/fr\/wp-json\/wp\/v2\/posts\/6653","targetHints":{"allow":["GET"]}}],"collection":[{"href":"https:\/\/hermix.com\/fr\/wp-json\/wp\/v2\/posts"}],"about":[{"href":"https:\/\/hermix.com\/fr\/wp-json\/wp\/v2\/types\/post"}],"author":[{"embeddable":true,"href":"https:\/\/hermix.com\/fr\/wp-json\/wp\/v2\/users\/2"}],"replies":[{"embeddable":true,"href":"https:\/\/hermix.com\/fr\/wp-json\/wp\/v2\/comments?post=6653"}],"version-history":[{"count":0,"href":"https:\/\/hermix.com\/fr\/wp-json\/wp\/v2\/posts\/6653\/revisions"}],"wp:featuredmedia":[{"embeddable":true,"href":"https:\/\/hermix.com\/fr\/wp-json\/wp\/v2\/media\/7772"}],"wp:attachment":[{"href":"https:\/\/hermix.com\/fr\/wp-json\/wp\/v2\/media?parent=6653"}],"wp:term":[{"taxonomy":"category","embeddable":true,"href":"https:\/\/hermix.com\/fr\/wp-json\/wp\/v2\/categories?post=6653"},{"taxonomy":"post_tag","embeddable":true,"href":"https:\/\/hermix.com\/fr\/wp-json\/wp\/v2\/tags?post=6653"},{"taxonomy":"author","embeddable":true,"href":"https:\/\/hermix.com\/fr\/wp-json\/wp\/v2\/ppma_author?post=6653"}],"curies":[{"name":"wp","href":"https:\/\/api.w.org\/{rel}","templated":true}]}}